{"id":3294,"date":"2019-08-20T01:31:09","date_gmt":"2019-08-19T23:31:09","guid":{"rendered":"https:\/\/www.tisenti.com\/de\/?p=3294"},"modified":"2019-11-20T11:03:56","modified_gmt":"2019-11-20T10:03:56","slug":"sardinien-im-mai-costa-rei","status":"publish","type":"post","link":"https:\/\/www.tisenti.com\/de\/reisetipps\/sardinien-im-mai-costa-rei","title":{"rendered":"Tagebuch Sardinien im Mai &#8211; sch\u00f6ne Gr\u00fc\u00dfe von der Costa Rei"},"content":{"rendered":"\n<p><strong>Dienstag, 15.5.:<\/strong> Es geht los! Der Schreibtisch ist \nleer, der Koffer gepackt. Die f\u00fcnf Freunde (tats\u00e4chlich!) setzen sich in\n Bewegung: M\u00fcnchen City- Airport Cagliari \u2013 heute Abend sitzen wir am \nMeer! Typisch italienischer Mietwagen, Gott sei Dank haben wir zwei \ndavon gemietet. Die Sonne strahlt mit uns um die Wette. Abends dann ein \nerster Vermentino, leckeres Meeresgetier und dann \u2013 doch recht bald \u2013 \nbeste W\u00fcnsche zur guten Nacht.<\/p>\n\n\n\n<div style=\"height:20px\" aria-hidden=\"true\" class=\"wp-block-spacer\"><\/div>\n\n\n\n<p><strong>Mittwoch, 16.5.:<\/strong>6.10 Uhr. Das hatte ich lange nicht  mehr. Ein greller Sonnenstrahl hat sich in unser Schlafzimmer  geschlichen. Das ist zu fr\u00fch! Oder doch nicht? Aufstehen, Kaffee  aufsetzen und das Panorama auf der Terrasse genie\u00dfen. Ein wundersch\u00f6ner Tag. Einige Dinge, die zu erledigen sind, liegen  vor mir. Ist aber noch zu fr\u00fch. Also- ab an den Strand und zwar zu:  Nando\u2019s Strandbar!<br>10 Uhr. Das Handy klingelt jetzt doch wohl schon zum f\u00fcnften Mal.  Dabei wollte ich doch\u2026. Egal! Die Arbeit ruft. Meine Freunde und  Kollegen warten. H\u00e4user anschauen, Meinungen austauschen steht jetzt auf  dem Programm.<br>Matteo, der Chef des \u00f6rtlichen Centro Servizi, f\u00e4hrt mich voller  Stolz nach Villasimius und zeigt mir ein Traumhaus. Grundst\u00fcck bis zum  Meer reichend. Da braucht es keinen Berater \u2013 das gef\u00e4llt!<br>Mittagessen entf\u00e4llt, es geht in einer Tour weiter. Und die Kumpels senden \u201cViele Gr\u00fc\u00dfe vom Strand\u201d. Danke!<\/p>\n\n\n\n<div style=\"height:42px\" aria-hidden=\"true\" class=\"wp-block-spacer\"><\/div>\n\n\n\n<div class=\"wp-block-grid-blocks-grid-block-container grid-x grid-margin-x grid-margin-y content-grid\">\n<div class=\"wp-block-grid-blocks-grid-block-column cell panel small-12 medium-6 large-6 null child-fullheight grid-padding-y\">\n<figure class=\"wp-block-embed-youtube wp-block-embed is-type-video is-provider-youtube wp-embed-aspect-16-9 wp-has-aspect-ratio\"><div class=\"wp-block-embed__wrapper\">\n<iframe loading=\"lazy\" title=\"Costa Rei - Badespa\u00df im Fr\u00fchling\" width=\"1200\" height=\"675\" src=\"https:\/\/www.youtube.com\/embed\/Qk06IYxFbu0?feature=oembed\" frameborder=\"0\" allow=\"accelerometer; autoplay; encrypted-media; gyroscope; picture-in-picture\" allowfullscreen><\/iframe>\n<\/div><\/figure>\n<\/div>\n\n\n\n<div class=\"wp-block-grid-blocks-grid-block-column cell panel small-12 medium-6 large-6 null child-fullheight grid-padding-y\">\n<p><strong>Donnerstag, 17.5.:<\/strong> Eigentlich wollten wir uns ein  Boot\n nehmen. Der Wind ist \u00fcber Nacht aber ganz sch\u00f6n aufgefrischt. Das  \nvertagen wir lieber. In Ruhe Cappuccino trinken hat auch was. Das  \n\u201cSassofono Blue\u201d, die einzig ganzj\u00e4hrig ge\u00f6ffnete Bar der Costa Rei und \n somit morgendlicher Treffpunkt der Einheimischen, versteht sich auf\u2019s  \nKaffeesieden.<br>Highlight des Tages: Joggen an meiner Lieblingsbucht und der erste Sprung ins Wasser.<\/p>\n<\/div>\n<\/div>\n\n\n\n<div style=\"height:20px\" aria-hidden=\"true\" class=\"wp-block-spacer\"><\/div>\n\n\n\n<div style=\"height:20px\" aria-hidden=\"true\" class=\"wp-block-spacer\"><\/div>\n\n\n\n<div style=\"height:20px\" aria-hidden=\"true\" class=\"wp-block-spacer\"><\/div>\n\n\n\n<p><strong>Freitag, 18.5.:<\/strong> Mistwetter! Macht aber nix, denn das  gibt Gelegenheit dazu, ein wenig in die D\u00f6rfer zu fahren und Freunde zu  treffen. Ausflug nach Colostrai. Kurz vor Muravera geht es in Richtung  Meer. Ein kleiner \u201cTorre\u201d (Turm) weist den Weg. Tats\u00e4chlich l\u00e4sst sich  die Sonne einen Augenblick sehen und setzt die Flamingolagune Colostrais  so richtig in Szene. Ortstermin: Tullia und Antonio laden auf Espresso  ein und wollen ein paar Tipps was sie an ihrem Haus verbessern k\u00f6nnten,  damit es den \u201cTedeschi\u201d noch besser gef\u00e4llt. Mein Magen knurrt. Ab nach  San Priamo ins \u201cSu Crogallu\u201d. Meine Empfehlung: Antipasti di Mare.  Allerdings sollte man sich f\u00fcr den restlichen Tag nicht mehr viel  vornehmen\u2026Abends sp\u00fcre ich die Lebensgeister wieder. Ein Gewitter hat sie geweckt. Und jetzt das\u2026 Regenbogen am Abend!<br><\/p>\n\n\n\n<div style=\"height:20px\" aria-hidden=\"true\" class=\"wp-block-spacer\"><\/div>\n\n\n\n<p><strong>Samstag, 19.5.:<\/strong> Warum bin ich auf Sardinien? In  M\u00fcnchen ist Champions-League-Finale! Ablenkung tut Not. Also ab nach  Villasimius. Die \u00f6rtliche K\u00e4serei ist bekannt f\u00fcr ihren tollen Peccorino  und der Wochenmarkt bietet allerlei sardische K\u00f6stlichkeiten.<br>Der Abend steht im Zeichen des Fu\u00dfballs. Ein Platz direkt vor dem  eigens aufgestellten Mega-TV bei Evi im \u201cIsola Verde\u201d. Die ganze Truppe  ist versammelt und fiebert. Je l\u00e4nger das Spiel dauert, desto wortkarger  werde ich. Letzter Elfer. Game over!<\/p>\n\n\n\n<div style=\"height:20px\" aria-hidden=\"true\" class=\"wp-block-spacer\"><\/div>\n\n\n\n<p><strong>Sonntag, 20.5.:<\/strong> Nach unruhiger Nacht erwartet mich \nein langes Gesicht im Morgenspiegel. Thema des Tages: WUNDEN LECKEN\u2026 \nKeine Lust auf Tagebuch!<\/p>\n\n\n\n<div style=\"height:20px\" aria-hidden=\"true\" class=\"wp-block-spacer\"><\/div>\n\n\n\n<p><strong>Montag, 21.5.:<\/strong> \u201cLebbe ged weider\u201d. Und zwar gar \nnicht so schlecht! Wundersch\u00f6ner Sonnenaufgang und eine Idee: Ab zum \nCapo Ferrato, dem n\u00f6rdlichen Ende der Costa Rei-Bucht. Hier, wo in aller\n Fr\u00fch die Fischer wieder an Land gehen und ihren frischen Fang \nverteilen, ist es morgens immer besonders sch\u00f6n.Weiter geht\u2019s \u00fcber die Schotterpiste gen Norden. Es wird Zeit f\u00fcr ein\n gutes Fr\u00fchst\u00fcck. In Camisa, einem kleinen Ortsteil von Muravera, ist \neine B\u00e4ckerei beheimatet die traditionelle sardische Backwaren \nherstellt. Tipp: Die \u201cDolci Sardi\u201d sind eine Wucht. Jedes St\u00fcck hat \nmindestens 300 Kalorien, aber jede einzelne erh\u00e4lt einen Ehrenplatz auf \nmeinen H\u00fcften!<\/p>\n\n\n\n<p>Am Nachmittag lockt die Inselhauptstadt Cagliari. Knapp eine Stunde \nben\u00f6tigt man \u00fcber die neue Landstra\u00dfe jetzt nur noch. Es sind Ladies an \nBord und das bedeutet: Shoppen. Ich nutze die Zeit, meinen alten Freund \nAlessandro wieder zu sehen. Der gibt mir dann glatt noch den \nRestauranttipp schlechthin. Das \u201cL`Archibugio\u201d in der Altstadt hat ein \nwirklich tolles Ambiente und eine super K\u00fcche. Einziger Nachteil: Meine \nFreundin will mir seit unserem Besuch dort kein Risotto mehr kochen.<\/p>\n\n\n\n<div style=\"height:20px\" aria-hidden=\"true\" class=\"wp-block-spacer\"><\/div>\n\n\n\n<p><strong>Dienstag, 22.5.:<\/strong>Wie an jedem Morgen, auch heute die  erste Tat: der Blick aus dem Fenster. K\u00f6nnte freundlicher sein. Egal.  Matteo holt mich gleich f\u00fcr eine kleine Business-Tour ab. Irgendwie sind die Italiener dieses Jahr nicht gut drauf. Total  eingesch\u00fcchtert von den tausend neuen Sparerl\u00e4ssen ihrer Regierung  kommen sie mir vor. In jeder Begegnung, in jedem Gespr\u00e4ch, kommt eine  unwahrscheinliche Angst zum Vorschein. Hey, wo ist Eure bedingungslose  Zuversicht die mir immer so imponiert und so oft geholfen hat? Mittag:  Vielleicht waren es nur die morgendlichen Wolken, die \u00fcber den  einheimischen Gem\u00fctern hingen. Jetzt strahlt sie endlich wieder, die  Sonne, und ein Sarde hat scheinbar immer gute Laune: Nando. Eigentlich wollte ich ja noch\u2026. Wird aber nix. Der Wein war zu gut.<\/p>\n\n\n\n<div style=\"height:20px\" aria-hidden=\"true\" class=\"wp-block-spacer\"><\/div>\n\n\n\n<p><strong>Mittwoch, 23.5.:<\/strong> Jetzt wird die Zeit langsam knapp. \nLetzter Tag. Also, rein in die Badehose und ab ans Meer. Auf dem Weg \ndorthin noch schnell eine \u201cS\u00fcddeutsche\u201d kaufen. So langsam kann ich \nwieder an Fu\u00dfball denken. Die Bilder die ich im Rahmen der \nNachbetrachtung des Endspiels zu Gesicht bekomme, lassen mich aber \nschnell sp\u00fcren, warum es doch irgendwie besser war, nicht f\u00fcr\u2019s Finale \nin M\u00fcnchen zu bleiben. Ein letzter Sprint am Wasser. Herrlich heute. \nGute Laune \u00fcberall. Und Didi versucht sich in Yoga. Alle Achtung!Abends sind wir alle bei Matteo eingeladen. Unwahrscheinlich, was da \nso alles aufgetischt wird. Und vor allem wie gut das schmeckt. \nAntipasti, Lamm, Lasagne, Tiramisu. Wo soll das alles hin? Mit der \nallseits gef\u00fcrchteten sardischen Essensbombe im Bauch geht\u2019s heim. Gute \nNacht! (oder auch nicht)<\/p>\n\n\n\n<div style=\"height:20px\" aria-hidden=\"true\" class=\"wp-block-spacer\"><\/div>\n\n\n\n<p><strong>Donnerstag, 24.5.: <\/strong> Abreise \u2013 aber erst am  Nachmittag. Irgendwas treibt mich in aller Herrgottsfr\u00fche wieder aus dem  Bett. Ich will ihn noch in vollen Z\u00fcgen genie\u00dfen, diesen herrlichen  Morgen. Daher noch ein schneller Sprung nach Villasimius, ganz an das  S\u00fcdostende Sardiniens. Dort liegt das Capo Carbonara und zu seinen F\u00fc\u00dfen  ein wahrer Traumstrand, der Porto Giunco. Warm ist es geworden und ich  versuche die verbleibenden Augenblicke auf der Insel dazu zu nutzen,  alles in mich aufzusaugen, was ich an diesem Platz so liebe. Bis bald  Sardinien!<br>Ciao Sardegna!<\/p>\n\n\n\n<div style=\"height:20px\" aria-hidden=\"true\" class=\"wp-block-spacer\"><\/div>\n\n\n\n<h3 class=\"tisenti-header-font tisenti-title wp-block-heading\">Urlaub auf Sardinien im Fr\u00fchling &#8211; sattes Gr\u00fcn und erste Sommerboten <\/h3>\n\n\n\n<figure class=\"wp-block-gallery columns-4 is-cropped wp-block-gallery-1 is-layout-flex wp-block-gallery-is-layout-flex\"><ul class=\"blocks-gallery-grid\"><li class=\"blocks-gallery-item\"><figure><img loading=\"lazy\" decoding=\"async\" width=\"1024\" height=\"683\" src=\"https:\/\/www.tisenti.com\/de\/wp-content\/uploads\/sites\/2\/2019\/08\/sonnenuntergang.mg_7031-1024x683.jpg\" alt=\"\" data-id=\"3109\" data-link=\"https:\/\/www.tisenti.com\/de\/sonnenuntergang-mg_7031\/\" class=\"wp-image-3109\" srcset=\"https:\/\/www.tisenti.com\/de\/wp-content\/uploads\/sites\/2\/2019\/08\/sonnenuntergang.mg_7031-1024x683.jpg 1024w, https:\/\/www.tisenti.com\/de\/wp-content\/uploads\/sites\/2\/2019\/08\/sonnenuntergang.mg_7031-300x200.jpg 300w, https:\/\/www.tisenti.com\/de\/wp-content\/uploads\/sites\/2\/2019\/08\/sonnenuntergang.mg_7031-768x512.jpg 768w, https:\/\/www.tisenti.com\/de\/wp-content\/uploads\/sites\/2\/2019\/08\/sonnenuntergang.mg_7031.jpg 1200w\" sizes=\"auto, (max-width: 1024px) 100vw, 1024px\" \/><\/figure><\/li><li class=\"blocks-gallery-item\"><figure><img loading=\"lazy\" decoding=\"async\" width=\"1024\" height=\"427\" src=\"https:\/\/www.tisenti.com\/de\/wp-content\/uploads\/sites\/2\/2019\/08\/surf-035-1200x500-1024x427.jpg\" alt=\"\" data-id=\"3108\" data-link=\"https:\/\/www.tisenti.com\/de\/surf-035-1200x500\/\" class=\"wp-image-3108\" srcset=\"https:\/\/www.tisenti.com\/de\/wp-content\/uploads\/sites\/2\/2019\/08\/surf-035-1200x500-1024x427.jpg 1024w, https:\/\/www.tisenti.com\/de\/wp-content\/uploads\/sites\/2\/2019\/08\/surf-035-1200x500-300x125.jpg 300w, https:\/\/www.tisenti.com\/de\/wp-content\/uploads\/sites\/2\/2019\/08\/surf-035-1200x500-768x320.jpg 768w, https:\/\/www.tisenti.com\/de\/wp-content\/uploads\/sites\/2\/2019\/08\/surf-035-1200x500.jpg 1200w\" sizes=\"auto, (max-width: 1024px) 100vw, 1024px\" \/><\/figure><\/li><li class=\"blocks-gallery-item\"><figure><img loading=\"lazy\" decoding=\"async\" width=\"1024\" height=\"683\" src=\"https:\/\/www.tisenti.com\/de\/wp-content\/uploads\/sites\/2\/2019\/08\/dsf2076-1024x683.jpg\" alt=\"\" data-id=\"3092\" data-link=\"https:\/\/www.tisenti.com\/de\/_dsf2076\/\" class=\"wp-image-3092\" srcset=\"https:\/\/www.tisenti.com\/de\/wp-content\/uploads\/sites\/2\/2019\/08\/dsf2076-1024x683.jpg 1024w, https:\/\/www.tisenti.com\/de\/wp-content\/uploads\/sites\/2\/2019\/08\/dsf2076-300x200.jpg 300w, https:\/\/www.tisenti.com\/de\/wp-content\/uploads\/sites\/2\/2019\/08\/dsf2076-768x512.jpg 768w, https:\/\/www.tisenti.com\/de\/wp-content\/uploads\/sites\/2\/2019\/08\/dsf2076.jpg 1200w\" sizes=\"auto, (max-width: 1024px) 100vw, 1024px\" \/><\/figure><\/li><li class=\"blocks-gallery-item\"><figure><img loading=\"lazy\" decoding=\"async\" width=\"1024\" height=\"683\" src=\"https:\/\/www.tisenti.com\/de\/wp-content\/uploads\/sites\/2\/2019\/08\/frau-im-becken-1024x683.jpg\" alt=\"\" data-id=\"3089\" data-link=\"https:\/\/www.tisenti.com\/de\/frau-im-becken\/\" class=\"wp-image-3089\" srcset=\"https:\/\/www.tisenti.com\/de\/wp-content\/uploads\/sites\/2\/2019\/08\/frau-im-becken-1024x683.jpg 1024w, https:\/\/www.tisenti.com\/de\/wp-content\/uploads\/sites\/2\/2019\/08\/frau-im-becken-300x200.jpg 300w, https:\/\/www.tisenti.com\/de\/wp-content\/uploads\/sites\/2\/2019\/08\/frau-im-becken-768x512.jpg 768w, https:\/\/www.tisenti.com\/de\/wp-content\/uploads\/sites\/2\/2019\/08\/frau-im-becken.jpg 1200w\" sizes=\"auto, (max-width: 1024px) 100vw, 1024px\" \/><\/figure><\/li><li class=\"blocks-gallery-item\"><figure><img loading=\"lazy\" decoding=\"async\" width=\"1024\" height=\"1024\" src=\"https:\/\/www.tisenti.com\/de\/wp-content\/uploads\/sites\/2\/2019\/08\/wasser_dsf1531-1024x1024.jpg\" alt=\"\" data-id=\"2970\" data-link=\"https:\/\/www.tisenti.com\/de\/wasser_dsf1531\/\" class=\"wp-image-2970\" srcset=\"https:\/\/www.tisenti.com\/de\/wp-content\/uploads\/sites\/2\/2019\/08\/wasser_dsf1531-1024x1024.jpg 1024w, https:\/\/www.tisenti.com\/de\/wp-content\/uploads\/sites\/2\/2019\/08\/wasser_dsf1531-150x150.jpg 150w, https:\/\/www.tisenti.com\/de\/wp-content\/uploads\/sites\/2\/2019\/08\/wasser_dsf1531-300x300.jpg 300w, https:\/\/www.tisenti.com\/de\/wp-content\/uploads\/sites\/2\/2019\/08\/wasser_dsf1531-768x768.jpg 768w, https:\/\/www.tisenti.com\/de\/wp-content\/uploads\/sites\/2\/2019\/08\/wasser_dsf1531-125x125.jpg 125w, https:\/\/www.tisenti.com\/de\/wp-content\/uploads\/sites\/2\/2019\/08\/wasser_dsf1531.jpg 1200w\" sizes=\"auto, (max-width: 1024px) 100vw, 1024px\" \/><\/figure><\/li><li class=\"blocks-gallery-item\"><figure><img loading=\"lazy\" decoding=\"async\" width=\"1024\" height=\"683\" src=\"https:\/\/www.tisenti.com\/de\/wp-content\/uploads\/sites\/2\/2019\/08\/sh_15615_1099-1-1024x683.jpg\" alt=\"\" data-id=\"2972\" data-link=\"https:\/\/www.tisenti.com\/de\/sh_15615_1099-3\/\" class=\"wp-image-2972\" srcset=\"https:\/\/www.tisenti.com\/de\/wp-content\/uploads\/sites\/2\/2019\/08\/sh_15615_1099-1-1024x683.jpg 1024w, https:\/\/www.tisenti.com\/de\/wp-content\/uploads\/sites\/2\/2019\/08\/sh_15615_1099-1-300x200.jpg 300w, https:\/\/www.tisenti.com\/de\/wp-content\/uploads\/sites\/2\/2019\/08\/sh_15615_1099-1-768x512.jpg 768w, https:\/\/www.tisenti.com\/de\/wp-content\/uploads\/sites\/2\/2019\/08\/sh_15615_1099-1.jpg 1200w\" sizes=\"auto, (max-width: 1024px) 100vw, 1024px\" \/><\/figure><\/li><li class=\"blocks-gallery-item\"><figure><img loading=\"lazy\" decoding=\"async\" width=\"1024\" height=\"683\" src=\"https:\/\/www.tisenti.com\/de\/wp-content\/uploads\/sites\/2\/2019\/08\/poolvilla_mg_6356-1024x683.jpg\" alt=\"\" data-id=\"2947\" data-link=\"https:\/\/www.tisenti.com\/de\/poolvilla_mg_6356\/\" class=\"wp-image-2947\" srcset=\"https:\/\/www.tisenti.com\/de\/wp-content\/uploads\/sites\/2\/2019\/08\/poolvilla_mg_6356-1024x683.jpg 1024w, https:\/\/www.tisenti.com\/de\/wp-content\/uploads\/sites\/2\/2019\/08\/poolvilla_mg_6356-300x200.jpg 300w, https:\/\/www.tisenti.com\/de\/wp-content\/uploads\/sites\/2\/2019\/08\/poolvilla_mg_6356-768x512.jpg 768w, https:\/\/www.tisenti.com\/de\/wp-content\/uploads\/sites\/2\/2019\/08\/poolvilla_mg_6356.jpg 1200w\" sizes=\"auto, (max-width: 1024px) 100vw, 1024px\" \/><\/figure><\/li><li class=\"blocks-gallery-item\"><figure><img loading=\"lazy\" decoding=\"async\" width=\"1024\" height=\"683\" src=\"https:\/\/www.tisenti.com\/de\/wp-content\/uploads\/sites\/2\/2019\/08\/meise_dsf8419-1024x683.jpg\" alt=\"\" data-id=\"2940\" data-link=\"https:\/\/www.tisenti.com\/de\/meise_dsf8419\/\" class=\"wp-image-2940\" srcset=\"https:\/\/www.tisenti.com\/de\/wp-content\/uploads\/sites\/2\/2019\/08\/meise_dsf8419-1024x683.jpg 1024w, https:\/\/www.tisenti.com\/de\/wp-content\/uploads\/sites\/2\/2019\/08\/meise_dsf8419-300x200.jpg 300w, https:\/\/www.tisenti.com\/de\/wp-content\/uploads\/sites\/2\/2019\/08\/meise_dsf8419-768x512.jpg 768w, https:\/\/www.tisenti.com\/de\/wp-content\/uploads\/sites\/2\/2019\/08\/meise_dsf8419.jpg 1200w\" sizes=\"auto, (max-width: 1024px) 100vw, 1024px\" \/><\/figure><\/li><\/ul><\/figure>\n\n\n\n<p>Nachtrag: Ich werde oft gefragt, welche Reisezeit ich f\u00fcr einen  Sardinienurlaub besonders empfehle. Und da dieser Artikel von einem  Urlaub im Mai handelt, m\u00f6chte ich gerne noch ein wenig genauer  beschreiben, welche Vorz\u00fcge f\u00fcr mich das Reisen nach Sardinien im  Fr\u00fchling hat. <br>Sicher, es ist noch kein Hochsommer. Und sicher, wenn der M\u00e4rz und  der April auf der Insel recht k\u00fchl und feucht waren, kann es die ersten  Maitage in einem Ferienhaus auch noch ein wenig klamm sein. Aber dem  stehen zahlreiche Vorz\u00fcge gegen\u00fcber.<br>Die Insel ist in ein sattes Gr\u00fcn  getaucht. \u00dcberall in der Natur vibriert das Leben. Die ersten  sommerlichen Vorboten machen sich mit Temperaturen jenseits der 25 Grad  bemerkbar und das Wetter wird mit jedem Tag stabiler. Wer sich in dieser  Jahreszeit daran macht die Insel zu erkunden, der wird Wunderbares  erleben. Die Str\u00e4nde sind meist noch menschenleer, die Natur im  Hinterland beeindruckt bei Wandertouren durch ihre unglaubliche Vielfalt  und in den Lokalen und Restaurants wird man Sie freundlichst erwarten  und Ihnen nie das Gef\u00fchl geben dass Sie als Tourist und nicht als Freund  betrachtet werden. Es ist die Zeit in der man Zeit hat &#8211; f\u00fcr Gespr\u00e4che,  Erkundungen und das Kennenlernen von Land, Leuten und Natur.<br>Von  daher: Wer den Sommer bei uns nicht erwarten kann und eine Insel in  absoluter Willkommensstimmung erleben m\u00f6chte, dem rate ich zu einer  Sardinienreise im Wonnemonat Mai!<br>Unsere Ferienh\u00e4user sind im Mai  \u00fcbrigens noch besonders g\u00fcnstig. Oftmals zahlt man gerade mal die H\u00e4lfte  der Miete die im Hochsommer f\u00e4llig w\u00fcrde. Hinzu kommt, dass mit Anfang  Mai der\u00a0<a href=\"https:\/\/www.tisenti.com\/de\/buchen\/mietwagen\" target=\"_blank\" rel=\"noreferrer noopener\" aria-label=\" (\u00f6ffnet in neuem Tab)\">Sommerflugplan<\/a> der Fluggesellschaften g\u00fcnstige Direktverbindungen nach Cagliari offeriert.<\/p>\n","protected":false},"excerpt":{"rendered":"<p>Dienstag, 15.5.: Es geht los! Der Schreibtisch ist leer, der Koffer gepackt. Die f\u00fcnf Freunde (tats\u00e4chlich!) setzen sich in Bewegung: M\u00fcnchen City- Airport Cagliari \u2013 heute Abend sitzen wir am Meer! Typisch italienischer Mietwagen, Gott sei Dank haben wir zwei davon gemietet. Die Sonne strahlt mit uns um die Wette. Abends dann ein erster Vermentino,<a class=\"excerpt-read-more\" href=\"https:\/\/www.tisenti.com\/de\/reisetipps\/sardinien-im-mai-costa-rei\" title=\"ReadTagebuch Sardinien im Mai &#8211; sch\u00f6ne Gr\u00fc\u00dfe von der Costa Rei\">&#8230; Read more &raquo;<\/a><\/p>\n","protected":false},"author":4,"featured_media":2981,"comment_status":"open","ping_status":"open","sticky":false,"template":"","format":"standard","meta":{"footnotes":""},"categories":[1],"tags":[23,27,24,25,18,12,13,26],"class_list":["post-3294","post","type-post","status-publish","format-standard","has-post-thumbnail","hentry","category-reisetipps","tag-costa-rei","tag-ferienhaus","tag-fruehling","tag-reise","tag-sardinien","tag-tipps","tag-urlaub","tag-wetter"],"yoast_head":"<!-- This site is optimized with the Yoast SEO plugin v27.5 - https:\/\/yoast.com\/product\/yoast-seo-wordpress\/ -->\n<title>Sardinien im Mai - Tagebucheintr\u00e4ge von der Costa Rei<\/title>\n<meta name=\"description\" content=\"Sardinien im Mai - das kann schon was. W\u00e4hrend der Fr\u00fchling in Mitteleuropa erst langsam in Fahrt kommt, kann man hier schon ins Meer h\u00fcpfen - oder?\" \/>\n<meta name=\"robots\" content=\"index, follow, max-snippet:-1, max-image-preview:large, max-video-preview:-1\" \/>\n<link rel=\"canonical\" href=\"https:\/\/www.tisenti.com\/de\/reisetipps\/sardinien-im-mai-costa-rei\" \/>\n<meta property=\"og:locale\" content=\"de_DE\" \/>\n<meta property=\"og:type\" content=\"article\" \/>\n<meta property=\"og:title\" content=\"Sardinien im Mai - Tagebucheintr\u00e4ge von der Costa Rei\" \/>\n<meta property=\"og:description\" content=\"Sardinien im Mai - das kann schon was. W\u00e4hrend der Fr\u00fchling in Mitteleuropa erst langsam in Fahrt kommt, kann man hier schon ins Meer h\u00fcpfen - oder?\" \/>\n<meta property=\"og:url\" content=\"https:\/\/www.tisenti.com\/de\/reisetipps\/sardinien-im-mai-costa-rei\" \/>\n<meta property=\"og:site_name\" content=\"Sardinien Ferienhaus - Costa Rei, Villasimius, Torre delle Stelle\" \/>\n<meta property=\"article:published_time\" content=\"2019-08-19T23:31:09+00:00\" \/>\n<meta property=\"article:modified_time\" content=\"2019-11-20T10:03:56+00:00\" \/>\n<meta property=\"og:image\" content=\"https:\/\/www.tisenti.com\/de\/wp-content\/uploads\/sites\/2\/2019\/08\/mg_9738.jpg\" \/>\n\t<meta property=\"og:image:width\" content=\"1200\" \/>\n\t<meta property=\"og:image:height\" content=\"800\" \/>\n\t<meta property=\"og:image:type\" content=\"image\/jpeg\" \/>\n<meta name=\"author\" content=\"twaldschmidt\" \/>\n<meta name=\"twitter:card\" content=\"summary_large_image\" \/>\n<meta name=\"twitter:label1\" content=\"Verfasst von\" \/>\n\t<meta name=\"twitter:data1\" content=\"twaldschmidt\" \/>\n\t<meta name=\"twitter:label2\" content=\"Gesch\u00e4tzte Lesezeit\" \/>\n\t<meta name=\"twitter:data2\" content=\"7\u00a0Minuten\" \/>\n<!-- \/ Yoast SEO plugin. -->","yoast_head_json":{"title":"Sardinien im Mai - Tagebucheintr\u00e4ge von der Costa Rei","description":"Sardinien im Mai - das kann schon was. W\u00e4hrend der Fr\u00fchling in Mitteleuropa erst langsam in Fahrt kommt, kann man hier schon ins Meer h\u00fcpfen - oder?","robots":{"index":"index","follow":"follow","max-snippet":"max-snippet:-1","max-image-preview":"max-image-preview:large","max-video-preview":"max-video-preview:-1"},"canonical":"https:\/\/www.tisenti.com\/de\/reisetipps\/sardinien-im-mai-costa-rei","og_locale":"de_DE","og_type":"article","og_title":"Sardinien im Mai - Tagebucheintr\u00e4ge von der Costa Rei","og_description":"Sardinien im Mai - das kann schon was. W\u00e4hrend der Fr\u00fchling in Mitteleuropa erst langsam in Fahrt kommt, kann man hier schon ins Meer h\u00fcpfen - oder?","og_url":"https:\/\/www.tisenti.com\/de\/reisetipps\/sardinien-im-mai-costa-rei","og_site_name":"Sardinien Ferienhaus - Costa Rei, Villasimius, Torre delle Stelle","article_published_time":"2019-08-19T23:31:09+00:00","article_modified_time":"2019-11-20T10:03:56+00:00","og_image":[{"width":1200,"height":800,"url":"https:\/\/www.tisenti.com\/de\/wp-content\/uploads\/sites\/2\/2019\/08\/mg_9738.jpg","type":"image\/jpeg"}],"author":"twaldschmidt","twitter_card":"summary_large_image","twitter_misc":{"Verfasst von":"twaldschmidt","Gesch\u00e4tzte Lesezeit":"7\u00a0Minuten"},"schema":{"@context":"https:\/\/schema.org","@graph":[{"@type":"Article","@id":"https:\/\/www.tisenti.com\/de\/reisetipps\/sardinien-im-mai-costa-rei#article","isPartOf":{"@id":"https:\/\/www.tisenti.com\/de\/reisetipps\/sardinien-im-mai-costa-rei"},"author":{"name":"twaldschmidt","@id":"https:\/\/www.tisenti.com\/de\/#\/schema\/person\/4428ad52bd66427002e2398081e22b6c"},"headline":"Tagebuch Sardinien im Mai &#8211; sch\u00f6ne Gr\u00fc\u00dfe von der Costa Rei","datePublished":"2019-08-19T23:31:09+00:00","dateModified":"2019-11-20T10:03:56+00:00","mainEntityOfPage":{"@id":"https:\/\/www.tisenti.com\/de\/reisetipps\/sardinien-im-mai-costa-rei"},"wordCount":1384,"commentCount":0,"publisher":{"@id":"https:\/\/www.tisenti.com\/de\/#organization"},"image":{"@id":"https:\/\/www.tisenti.com\/de\/reisetipps\/sardinien-im-mai-costa-rei#primaryimage"},"thumbnailUrl":"https:\/\/www.tisenti.com\/de\/wp-content\/uploads\/sites\/2\/2019\/08\/mg_9738.jpg","keywords":["costa rei","ferienhaus","fr\u00fchling","reise","sardinien","tipps","urlaub","wetter"],"articleSection":["Alle Artikel"],"inLanguage":"de","potentialAction":[{"@type":"CommentAction","name":"Comment","target":["https:\/\/www.tisenti.com\/de\/reisetipps\/sardinien-im-mai-costa-rei#respond"]}]},{"@type":"WebPage","@id":"https:\/\/www.tisenti.com\/de\/reisetipps\/sardinien-im-mai-costa-rei","url":"https:\/\/www.tisenti.com\/de\/reisetipps\/sardinien-im-mai-costa-rei","name":"Sardinien im Mai - Tagebucheintr\u00e4ge von der Costa Rei","isPartOf":{"@id":"https:\/\/www.tisenti.com\/de\/#website"},"primaryImageOfPage":{"@id":"https:\/\/www.tisenti.com\/de\/reisetipps\/sardinien-im-mai-costa-rei#primaryimage"},"image":{"@id":"https:\/\/www.tisenti.com\/de\/reisetipps\/sardinien-im-mai-costa-rei#primaryimage"},"thumbnailUrl":"https:\/\/www.tisenti.com\/de\/wp-content\/uploads\/sites\/2\/2019\/08\/mg_9738.jpg","datePublished":"2019-08-19T23:31:09+00:00","dateModified":"2019-11-20T10:03:56+00:00","description":"Sardinien im Mai - das kann schon was. W\u00e4hrend der Fr\u00fchling in Mitteleuropa erst langsam in Fahrt kommt, kann man hier schon ins Meer h\u00fcpfen - oder?","breadcrumb":{"@id":"https:\/\/www.tisenti.com\/de\/reisetipps\/sardinien-im-mai-costa-rei#breadcrumb"},"inLanguage":"de","potentialAction":[{"@type":"ReadAction","target":["https:\/\/www.tisenti.com\/de\/reisetipps\/sardinien-im-mai-costa-rei"]}]},{"@type":"ImageObject","inLanguage":"de","@id":"https:\/\/www.tisenti.com\/de\/reisetipps\/sardinien-im-mai-costa-rei#primaryimage","url":"https:\/\/www.tisenti.com\/de\/wp-content\/uploads\/sites\/2\/2019\/08\/mg_9738.jpg","contentUrl":"https:\/\/www.tisenti.com\/de\/wp-content\/uploads\/sites\/2\/2019\/08\/mg_9738.jpg","width":1200,"height":800},{"@type":"BreadcrumbList","@id":"https:\/\/www.tisenti.com\/de\/reisetipps\/sardinien-im-mai-costa-rei#breadcrumb","itemListElement":[{"@type":"ListItem","position":1,"name":"Startseite","item":"https:\/\/www.tisenti.com\/de\/"},{"@type":"ListItem","position":2,"name":"Tagebuch Sardinien im Mai &#8211; sch\u00f6ne Gr\u00fc\u00dfe von der Costa Rei"}]},{"@type":"WebSite","@id":"https:\/\/www.tisenti.com\/de\/#website","url":"https:\/\/www.tisenti.com\/de\/","name":"Sardinien Ferienhaus - Costa Rei, Villasimius, Torre delle Stelle","description":"Ob auf Sardinien Ferienhaus am Strand, luxuri\u00f6se Villa oder komfortable Ferienwohnung. Wir machen Ihren Sardinien-Traumurlaub wahr. Finden Sie jetzt Ihr Wunschobjekt.","publisher":{"@id":"https:\/\/www.tisenti.com\/de\/#organization"},"potentialAction":[{"@type":"SearchAction","target":{"@type":"EntryPoint","urlTemplate":"https:\/\/www.tisenti.com\/de\/?s={search_term_string}"},"query-input":{"@type":"PropertyValueSpecification","valueRequired":true,"valueName":"search_term_string"}}],"inLanguage":"de"},{"@type":"Organization","@id":"https:\/\/www.tisenti.com\/de\/#organization","name":"Sardinien Ferienhaus - Costa Rei, Villasimius, Torre delle Stelle","url":"https:\/\/www.tisenti.com\/de\/","logo":{"@type":"ImageObject","inLanguage":"de","@id":"https:\/\/www.tisenti.com\/de\/#\/schema\/logo\/image\/","url":"https:\/\/www.tisenti.com\/de\/wp-content\/uploads\/sites\/2\/2019\/10\/logo-tisenti.png","contentUrl":"https:\/\/www.tisenti.com\/de\/wp-content\/uploads\/sites\/2\/2019\/10\/logo-tisenti.png","width":192,"height":50,"caption":"Sardinien Ferienhaus - Costa Rei, Villasimius, Torre delle Stelle"},"image":{"@id":"https:\/\/www.tisenti.com\/de\/#\/schema\/logo\/image\/"}},{"@type":"Person","@id":"https:\/\/www.tisenti.com\/de\/#\/schema\/person\/4428ad52bd66427002e2398081e22b6c","name":"twaldschmidt","image":{"@type":"ImageObject","inLanguage":"de","@id":"https:\/\/secure.gravatar.com\/avatar\/d8ee640fb28705ea31fcb9cc8ea42c9d0781fa8723c85e641c07e2a15ae6ca68?s=96&d=mm&r=g","url":"https:\/\/secure.gravatar.com\/avatar\/d8ee640fb28705ea31fcb9cc8ea42c9d0781fa8723c85e641c07e2a15ae6ca68?s=96&d=mm&r=g","contentUrl":"https:\/\/secure.gravatar.com\/avatar\/d8ee640fb28705ea31fcb9cc8ea42c9d0781fa8723c85e641c07e2a15ae6ca68?s=96&d=mm&r=g","caption":"twaldschmidt"},"url":"https:\/\/www.tisenti.com\/de\/author\/twaldschmidt"}]}},"_links":{"self":[{"href":"https:\/\/www.tisenti.com\/de\/wp-json\/wp\/v2\/posts\/3294","targetHints":{"allow":["GET"]}}],"collection":[{"href":"https:\/\/www.tisenti.com\/de\/wp-json\/wp\/v2\/posts"}],"about":[{"href":"https:\/\/www.tisenti.com\/de\/wp-json\/wp\/v2\/types\/post"}],"author":[{"embeddable":true,"href":"https:\/\/www.tisenti.com\/de\/wp-json\/wp\/v2\/users\/4"}],"replies":[{"embeddable":true,"href":"https:\/\/www.tisenti.com\/de\/wp-json\/wp\/v2\/comments?post=3294"}],"version-history":[{"count":22,"href":"https:\/\/www.tisenti.com\/de\/wp-json\/wp\/v2\/posts\/3294\/revisions"}],"predecessor-version":[{"id":4371,"href":"https:\/\/www.tisenti.com\/de\/wp-json\/wp\/v2\/posts\/3294\/revisions\/4371"}],"wp:featuredmedia":[{"embeddable":true,"href":"https:\/\/www.tisenti.com\/de\/wp-json\/wp\/v2\/media\/2981"}],"wp:attachment":[{"href":"https:\/\/www.tisenti.com\/de\/wp-json\/wp\/v2\/media?parent=3294"}],"wp:term":[{"taxonomy":"category","embeddable":true,"href":"https:\/\/www.tisenti.com\/de\/wp-json\/wp\/v2\/categories?post=3294"},{"taxonomy":"post_tag","embeddable":true,"href":"https:\/\/www.tisenti.com\/de\/wp-json\/wp\/v2\/tags?post=3294"}],"curies":[{"name":"wp","href":"https:\/\/api.w.org\/{rel}","templated":true}]}}