{"id":3185,"date":"2019-09-18T22:27:37","date_gmt":"2019-09-18T20:27:37","guid":{"rendered":"https:\/\/www.tisenti.com\/de\/?p=3185"},"modified":"2019-11-20T10:53:16","modified_gmt":"2019-11-20T09:53:16","slug":"rundreise-sardinien-von-nord-nach-sued","status":"publish","type":"post","link":"https:\/\/www.tisenti.com\/de\/reisetipps\/rundreise-sardinien-von-nord-nach-sued","title":{"rendered":"Von Nord nach S\u00fcd, vom Berg Bruncu Spina bis nach Costa Rei &#8211; der Beginn einer Rundreise auf Sardinien"},"content":{"rendered":"\n<div style=\"height:28px\" aria-hidden=\"true\" class=\"wp-block-spacer\"><\/div>\n\n\n\n<p><\/p>\n\n\n\n<h2 class=\"wp-block-heading\">In Eis und Schnee<\/h2>\n\n\n\n<p>Verdammte Hacke ist das kalt! Ein kurzer Dreh mit Blick auf das  einzige sardische Skigebiet. Heute sieht es tats\u00e4chlich ein bisschen aus  wie in den Alpen.<br>Skifahren auf Sardinien hat nat\u00fcrlich eine gewisse Tendenz zur  Albernheit. Schneesicherheit ist nicht unbedingt ein Markenzeichen der  Insel. Wen es aber dennoch reizt, mal mit ordentlich Schuss Sardiniens  zweith\u00f6chtsten Berg, den Bruncu Spina, hinunterzusausen, der findet auf  dieser <a href=\"https:\/\/www.facebook.com\/groups\/bruncuspina\/\">Facebookseite<\/a> die relevanten Infos.<\/p>\n\n\n\n<div style=\"height:20px\" aria-hidden=\"true\" class=\"wp-block-spacer\"><\/div>\n\n\n\n<figure class=\"wp-block-embed-youtube wp-block-embed is-type-video is-provider-youtube wp-embed-aspect-16-9 wp-has-aspect-ratio\"><div class=\"wp-block-embed__wrapper\">\n<iframe loading=\"lazy\" title=\"Sardinien im Schnee - eine Winterreise\" width=\"1200\" height=\"675\" src=\"https:\/\/www.youtube.com\/embed\/DSZnEShosxk?feature=oembed\" frameborder=\"0\" allow=\"accelerometer; autoplay; encrypted-media; gyroscope; picture-in-picture\" allowfullscreen><\/iframe>\n<\/div><\/figure>\n\n\n\n<div style=\"height:20px\" aria-hidden=\"true\" class=\"wp-block-spacer\"><\/div>\n\n\n\n<h2 class=\"wp-block-heading\">Immer f\u00fcr den Kunden da <\/h2>\n\n\n\n<p><br>Die Mitarbeiterin krank, der Chef im Mietwagen in einer der  entlegensten Gegenden Sardiniens. Kein Problem, Auskunft gibt\u2019s immer,  sehr gerne sogar \u2013 mit oder ohne Schneeketten\u2026<\/p>\n\n\n\n<div style=\"height:20px\" aria-hidden=\"true\" class=\"wp-block-spacer\"><\/div>\n\n\n\n<div style=\"height:20px\" aria-hidden=\"true\" class=\"wp-block-spacer\"><\/div>\n\n\n\n<figure class=\"wp-block-embed-youtube wp-block-embed is-type-video is-provider-youtube wp-embed-aspect-16-9 wp-has-aspect-ratio\"><div class=\"wp-block-embed__wrapper\">\n<iframe loading=\"lazy\" title=\"Urlaub auf Sardinien - immer f\u00fcr den Kunden da\" width=\"1200\" height=\"675\" src=\"https:\/\/www.youtube.com\/embed\/ieRbqAvbwro?feature=oembed\" frameborder=\"0\" allow=\"accelerometer; autoplay; encrypted-media; gyroscope; picture-in-picture\" allowfullscreen><\/iframe>\n<\/div><\/figure>\n\n\n\n<h2 class=\"wp-block-heading\">Der gr\u00fcne Zug<\/h2>\n\n\n\n<p>Die sardische Landschaft ist so vielseitig, dass es schwerf\u00e4llt  allgemeing\u00fcltige Expertentipps auf die Frage zu geben, was man denn nun  unbedingt gesehen haben muss. Eine allenfalls lohnende Erfahrung ist die  Fahrt mit dem <a rel=\"noreferrer noopener\" href=\"https:\/\/www.treninoverde.com\/\" target=\"_blank\">\u201eTrenino Verde\u201c<\/a>.  Es handelt sich hierbei um eine Schmalspurbahn die durch das sardische  Hinterland f\u00fchrt. Meiner Meinung nach das perfekte Erg\u00e4nzungsprogramm  zum Sonnetanken am Strand.<\/p>\n\n\n\n<div style=\"height:20px\" aria-hidden=\"true\" class=\"wp-block-spacer\"><\/div>\n\n\n\n<figure class=\"wp-block-embed-youtube wp-block-embed is-type-video is-provider-youtube wp-embed-aspect-16-9 wp-has-aspect-ratio\"><div class=\"wp-block-embed__wrapper\">\n<iframe loading=\"lazy\" title=\"Sardinien - der Trenino Verde\" width=\"1200\" height=\"675\" src=\"https:\/\/www.youtube.com\/embed\/z_6bap_yZXM?feature=oembed\" frameborder=\"0\" allow=\"accelerometer; autoplay; encrypted-media; gyroscope; picture-in-picture\" allowfullscreen><\/iframe>\n<\/div><\/figure>\n\n\n\n<p><br>Sch\u00f6n w\u00e4re es nat\u00fcrlich gewesen, wenn der kleine gr\u00fcne Zug nun auch  gerade vorbeigezuckelt w\u00e4re, w\u00e4hrend wir uns hier die Beine vertraten.  Den Gefallen hat er uns nicht getan. Aber so gekonnt wie der SWR h\u00e4tten  wir es eh nicht drehen k\u00f6nnen. F\u00fcr den Eisenbahnromantiker gibt es <a rel=\"noreferrer noopener\" href=\"https:\/\/youtu.be\/lu5eeVZmySg\" target=\"_blank\">hier<\/a> 30 Minuten Reisen mit dem Trenino Verde satt.<\/p>\n\n\n\n<div style=\"height:20px\" aria-hidden=\"true\" class=\"wp-block-spacer\"><\/div>\n\n\n\n<figure class=\"wp-block-gallery columns-3 is-cropped wp-block-gallery-1 is-layout-flex wp-block-gallery-is-layout-flex\"><ul class=\"blocks-gallery-grid\"><li class=\"blocks-gallery-item\"><figure><img loading=\"lazy\" decoding=\"async\" width=\"1024\" height=\"683\" src=\"https:\/\/www.tisenti.com\/de\/wp-content\/uploads\/sites\/2\/2019\/08\/sandspur.mg_1041-1024x683.jpg\" alt=\"\" data-id=\"3091\" data-link=\"https:\/\/www.tisenti.com\/de\/sandspur-mg_1041\/\" class=\"wp-image-3091\" srcset=\"https:\/\/www.tisenti.com\/de\/wp-content\/uploads\/sites\/2\/2019\/08\/sandspur.mg_1041-1024x683.jpg 1024w, https:\/\/www.tisenti.com\/de\/wp-content\/uploads\/sites\/2\/2019\/08\/sandspur.mg_1041-300x200.jpg 300w, https:\/\/www.tisenti.com\/de\/wp-content\/uploads\/sites\/2\/2019\/08\/sandspur.mg_1041-768x512.jpg 768w, https:\/\/www.tisenti.com\/de\/wp-content\/uploads\/sites\/2\/2019\/08\/sandspur.mg_1041.jpg 1200w\" sizes=\"auto, (max-width: 1024px) 100vw, 1024px\" \/><\/figure><\/li><li class=\"blocks-gallery-item\"><figure><img loading=\"lazy\" decoding=\"async\" width=\"1024\" height=\"683\" src=\"https:\/\/www.tisenti.com\/de\/wp-content\/uploads\/sites\/2\/2019\/08\/dsf5947-1024x683.jpg\" alt=\"\" data-id=\"3083\" data-link=\"https:\/\/www.tisenti.com\/de\/_dsf5947\/\" class=\"wp-image-3083\" srcset=\"https:\/\/www.tisenti.com\/de\/wp-content\/uploads\/sites\/2\/2019\/08\/dsf5947-1024x683.jpg 1024w, https:\/\/www.tisenti.com\/de\/wp-content\/uploads\/sites\/2\/2019\/08\/dsf5947-300x200.jpg 300w, https:\/\/www.tisenti.com\/de\/wp-content\/uploads\/sites\/2\/2019\/08\/dsf5947-768x512.jpg 768w, https:\/\/www.tisenti.com\/de\/wp-content\/uploads\/sites\/2\/2019\/08\/dsf5947.jpg 1200w\" sizes=\"auto, (max-width: 1024px) 100vw, 1024px\" \/><\/figure><\/li><li class=\"blocks-gallery-item\"><figure><img loading=\"lazy\" decoding=\"async\" width=\"1024\" height=\"683\" src=\"https:\/\/www.tisenti.com\/de\/wp-content\/uploads\/sites\/2\/2019\/08\/dsf2076-1024x683.jpg\" alt=\"\" data-id=\"3092\" data-link=\"https:\/\/www.tisenti.com\/de\/_dsf2076\/\" class=\"wp-image-3092\" srcset=\"https:\/\/www.tisenti.com\/de\/wp-content\/uploads\/sites\/2\/2019\/08\/dsf2076-1024x683.jpg 1024w, https:\/\/www.tisenti.com\/de\/wp-content\/uploads\/sites\/2\/2019\/08\/dsf2076-300x200.jpg 300w, https:\/\/www.tisenti.com\/de\/wp-content\/uploads\/sites\/2\/2019\/08\/dsf2076-768x512.jpg 768w, https:\/\/www.tisenti.com\/de\/wp-content\/uploads\/sites\/2\/2019\/08\/dsf2076.jpg 1200w\" sizes=\"auto, (max-width: 1024px) 100vw, 1024px\" \/><\/figure><\/li><li class=\"blocks-gallery-item\"><figure><img loading=\"lazy\" decoding=\"async\" width=\"1024\" height=\"1024\" src=\"https:\/\/www.tisenti.com\/de\/wp-content\/uploads\/sites\/2\/2019\/08\/kuestenstr-1024x1024.jpg\" alt=\"\" data-id=\"2984\" data-link=\"https:\/\/www.tisenti.com\/de\/kuestenstr\/\" class=\"wp-image-2984\" srcset=\"https:\/\/www.tisenti.com\/de\/wp-content\/uploads\/sites\/2\/2019\/08\/kuestenstr-1024x1024.jpg 1024w, https:\/\/www.tisenti.com\/de\/wp-content\/uploads\/sites\/2\/2019\/08\/kuestenstr-150x150.jpg 150w, https:\/\/www.tisenti.com\/de\/wp-content\/uploads\/sites\/2\/2019\/08\/kuestenstr-300x300.jpg 300w, https:\/\/www.tisenti.com\/de\/wp-content\/uploads\/sites\/2\/2019\/08\/kuestenstr-768x768.jpg 768w, https:\/\/www.tisenti.com\/de\/wp-content\/uploads\/sites\/2\/2019\/08\/kuestenstr-125x125.jpg 125w, https:\/\/www.tisenti.com\/de\/wp-content\/uploads\/sites\/2\/2019\/08\/kuestenstr.jpg 1200w\" sizes=\"auto, (max-width: 1024px) 100vw, 1024px\" \/><\/figure><\/li><li class=\"blocks-gallery-item\"><figure><img loading=\"lazy\" decoding=\"async\" width=\"1024\" height=\"683\" src=\"https:\/\/www.tisenti.com\/de\/wp-content\/uploads\/sites\/2\/2019\/08\/meerblickmg_9462-1024x683.jpg\" alt=\"\" data-id=\"2980\" data-link=\"https:\/\/www.tisenti.com\/de\/_meerblickmg_9462\/\" class=\"wp-image-2980\" srcset=\"https:\/\/www.tisenti.com\/de\/wp-content\/uploads\/sites\/2\/2019\/08\/meerblickmg_9462-1024x683.jpg 1024w, https:\/\/www.tisenti.com\/de\/wp-content\/uploads\/sites\/2\/2019\/08\/meerblickmg_9462-300x200.jpg 300w, https:\/\/www.tisenti.com\/de\/wp-content\/uploads\/sites\/2\/2019\/08\/meerblickmg_9462-768x512.jpg 768w, https:\/\/www.tisenti.com\/de\/wp-content\/uploads\/sites\/2\/2019\/08\/meerblickmg_9462.jpg 1200w\" sizes=\"auto, (max-width: 1024px) 100vw, 1024px\" \/><\/figure><\/li><li class=\"blocks-gallery-item\"><figure><img loading=\"lazy\" decoding=\"async\" width=\"1024\" height=\"683\" src=\"https:\/\/www.tisenti.com\/de\/wp-content\/uploads\/sites\/2\/2019\/08\/mg_4152-1024x683.jpg\" alt=\"\" data-id=\"2973\" data-link=\"https:\/\/www.tisenti.com\/de\/_mg_4152\/\" class=\"wp-image-2973\" srcset=\"https:\/\/www.tisenti.com\/de\/wp-content\/uploads\/sites\/2\/2019\/08\/mg_4152-1024x683.jpg 1024w, https:\/\/www.tisenti.com\/de\/wp-content\/uploads\/sites\/2\/2019\/08\/mg_4152-300x200.jpg 300w, https:\/\/www.tisenti.com\/de\/wp-content\/uploads\/sites\/2\/2019\/08\/mg_4152-768x512.jpg 768w, https:\/\/www.tisenti.com\/de\/wp-content\/uploads\/sites\/2\/2019\/08\/mg_4152.jpg 1200w\" sizes=\"auto, (max-width: 1024px) 100vw, 1024px\" \/><\/figure><\/li><\/ul><\/figure>\n\n\n\n<h2 class=\"wp-block-heading\">Lanusei <\/h2>\n\n\n\n<p>Das kleine Bergdorf mit seinen rund 3.000 Einwohnern gibt den Blick  auf die sardische Ostk\u00fcste frei. Es ist die letzte Anh\u00f6he bevor es ab  Ortsausgang auf der neuen Staatsstra\u00dfe 125 in Richtung Costa Rei und  Villasimius geht.<\/p>\n\n\n\n<div style=\"height:20px\" aria-hidden=\"true\" class=\"wp-block-spacer\"><\/div>\n\n\n\n<figure class=\"wp-block-embed-youtube wp-block-embed is-type-video is-provider-youtube wp-embed-aspect-16-9 wp-has-aspect-ratio\"><div class=\"wp-block-embed__wrapper\">\n<iframe loading=\"lazy\" title=\"Sardinien&#039;s Hinterland: Lanusei\" width=\"1200\" height=\"675\" src=\"https:\/\/www.youtube.com\/embed\/EmHv-RSafIE?feature=oembed\" frameborder=\"0\" allow=\"accelerometer; autoplay; encrypted-media; gyroscope; picture-in-picture\" allowfullscreen><\/iframe>\n<\/div><\/figure>\n\n\n\n<div style=\"height:20px\" aria-hidden=\"true\" class=\"wp-block-spacer\"><\/div>\n\n\n\n<h2 class=\"wp-block-heading\">Am Ziel: Meerblick<\/h2>\n\n\n\n<p> Einige Stunden Autofahrt und viele winterlich-sardische Impressionen  liegen hinter mir. Bl\u00fchende Orangenb\u00e4ume, sattes Gr\u00fcn und verschneite  Bergp\u00e4sse \u2013 das alles auf rund 250 Kilometern. Nicht schlecht f\u00fcr so  einen Februartag! Doch jetzt bin ich endlich am Ziel. Der Himmel rei\u00dft  auf, das Thermometer klettert und beim Anblick meines Lieblingstrandes  riecht es verdammt nach Fr\u00fchling.<\/p>\n\n\n\n<div style=\"height:20px\" aria-hidden=\"true\" class=\"wp-block-spacer\"><\/div>\n\n\n\n<figure class=\"wp-block-embed-youtube wp-block-embed is-type-video is-provider-youtube wp-embed-aspect-16-9 wp-has-aspect-ratio\"><div class=\"wp-block-embed__wrapper\">\n<iframe loading=\"lazy\" title=\"Costa Rei - Ziel unserer Sardinienreise\" width=\"1200\" height=\"675\" src=\"https:\/\/www.youtube.com\/embed\/ohiuJSXWlJU?feature=oembed\" frameborder=\"0\" allow=\"accelerometer; autoplay; encrypted-media; gyroscope; picture-in-picture\" allowfullscreen><\/iframe>\n<\/div><\/figure>\n\n\n\n<div style=\"height:54px\" aria-hidden=\"true\" class=\"wp-block-spacer\"><\/div>\n","protected":false},"excerpt":{"rendered":"<p>Die sardische Landschaft ist so vielseitig, dass es schwerf\u00e4llt allgemeing\u00fcltige Expertentipps auf die Frage zu geben, was man denn nun unbedingt gesehen haben muss.<br \/>\nHier ist ein kleiner Nord-S\u00fcd-Abriss.<\/p>\n","protected":false},"author":4,"featured_media":3083,"comment_status":"open","ping_status":"open","sticky":false,"template":"","format":"standard","meta":{"footnotes":""},"categories":[1,8],"tags":[],"class_list":["post-3185","post","type-post","status-publish","format-standard","has-post-thumbnail","hentry","category-reisetipps","category-orte"],"yoast_head":"<!-- This site is optimized with the Yoast SEO plugin v27.5 - https:\/\/yoast.com\/product\/yoast-seo-wordpress\/ -->\n<title>Rundreise mit dem Auto Sardinien vom Norden in den S\u00fcden.<\/title>\n<meta name=\"description\" content=\"Eine Rundreise auf Sardinien lohnt sich. Wir sind f\u00fcr Sie schon einmal die H\u00f6lfte der Insel abgefahren - vom Berg Bruncu Spina bis nach Costa Rei.\" \/>\n<meta name=\"robots\" content=\"index, follow, max-snippet:-1, max-image-preview:large, max-video-preview:-1\" \/>\n<link rel=\"canonical\" href=\"https:\/\/www.tisenti.com\/de\/reisetipps\/rundreise-sardinien-von-nord-nach-sued\" \/>\n<meta property=\"og:locale\" content=\"de_DE\" \/>\n<meta property=\"og:type\" content=\"article\" \/>\n<meta property=\"og:title\" content=\"Rundreise mit dem Auto Sardinien vom Norden in den S\u00fcden.\" \/>\n<meta property=\"og:description\" content=\"Eine Rundreise auf Sardinien lohnt sich. Wir sind f\u00fcr Sie schon einmal die H\u00f6lfte der Insel abgefahren - vom Berg Bruncu Spina bis nach Costa Rei.\" \/>\n<meta property=\"og:url\" content=\"https:\/\/www.tisenti.com\/de\/reisetipps\/rundreise-sardinien-von-nord-nach-sued\" \/>\n<meta property=\"og:site_name\" content=\"Sardinien Ferienhaus - Costa Rei, Villasimius, Torre delle Stelle\" \/>\n<meta property=\"article:published_time\" content=\"2019-09-18T20:27:37+00:00\" \/>\n<meta property=\"article:modified_time\" content=\"2019-11-20T09:53:16+00:00\" \/>\n<meta property=\"og:image\" content=\"https:\/\/www.tisenti.com\/de\/wp-content\/uploads\/sites\/2\/2019\/08\/dsf5947.jpg\" \/>\n\t<meta property=\"og:image:width\" content=\"1200\" \/>\n\t<meta property=\"og:image:height\" content=\"800\" \/>\n\t<meta property=\"og:image:type\" content=\"image\/jpeg\" \/>\n<meta name=\"author\" content=\"twaldschmidt\" \/>\n<meta name=\"twitter:card\" content=\"summary_large_image\" \/>\n<meta name=\"twitter:label1\" content=\"Verfasst von\" \/>\n\t<meta name=\"twitter:data1\" content=\"twaldschmidt\" \/>\n\t<meta name=\"twitter:label2\" content=\"Gesch\u00e4tzte Lesezeit\" \/>\n\t<meta name=\"twitter:data2\" content=\"2\u00a0Minuten\" \/>\n<!-- \/ Yoast SEO plugin. -->","yoast_head_json":{"title":"Rundreise mit dem Auto Sardinien vom Norden in den S\u00fcden.","description":"Eine Rundreise auf Sardinien lohnt sich. Wir sind f\u00fcr Sie schon einmal die H\u00f6lfte der Insel abgefahren - vom Berg Bruncu Spina bis nach Costa Rei.","robots":{"index":"index","follow":"follow","max-snippet":"max-snippet:-1","max-image-preview":"max-image-preview:large","max-video-preview":"max-video-preview:-1"},"canonical":"https:\/\/www.tisenti.com\/de\/reisetipps\/rundreise-sardinien-von-nord-nach-sued","og_locale":"de_DE","og_type":"article","og_title":"Rundreise mit dem Auto Sardinien vom Norden in den S\u00fcden.","og_description":"Eine Rundreise auf Sardinien lohnt sich. Wir sind f\u00fcr Sie schon einmal die H\u00f6lfte der Insel abgefahren - vom Berg Bruncu Spina bis nach Costa Rei.","og_url":"https:\/\/www.tisenti.com\/de\/reisetipps\/rundreise-sardinien-von-nord-nach-sued","og_site_name":"Sardinien Ferienhaus - Costa Rei, Villasimius, Torre delle Stelle","article_published_time":"2019-09-18T20:27:37+00:00","article_modified_time":"2019-11-20T09:53:16+00:00","og_image":[{"width":1200,"height":800,"url":"https:\/\/www.tisenti.com\/de\/wp-content\/uploads\/sites\/2\/2019\/08\/dsf5947.jpg","type":"image\/jpeg"}],"author":"twaldschmidt","twitter_card":"summary_large_image","twitter_misc":{"Verfasst von":"twaldschmidt","Gesch\u00e4tzte Lesezeit":"2\u00a0Minuten"},"schema":{"@context":"https:\/\/schema.org","@graph":[{"@type":"Article","@id":"https:\/\/www.tisenti.com\/de\/reisetipps\/rundreise-sardinien-von-nord-nach-sued#article","isPartOf":{"@id":"https:\/\/www.tisenti.com\/de\/reisetipps\/rundreise-sardinien-von-nord-nach-sued"},"author":{"name":"twaldschmidt","@id":"https:\/\/www.tisenti.com\/de\/#\/schema\/person\/4428ad52bd66427002e2398081e22b6c"},"headline":"Von Nord nach S\u00fcd, vom Berg Bruncu Spina bis nach Costa Rei &#8211; der Beginn einer Rundreise auf Sardinien","datePublished":"2019-09-18T20:27:37+00:00","dateModified":"2019-11-20T09:53:16+00:00","mainEntityOfPage":{"@id":"https:\/\/www.tisenti.com\/de\/reisetipps\/rundreise-sardinien-von-nord-nach-sued"},"wordCount":407,"commentCount":0,"publisher":{"@id":"https:\/\/www.tisenti.com\/de\/#organization"},"image":{"@id":"https:\/\/www.tisenti.com\/de\/reisetipps\/rundreise-sardinien-von-nord-nach-sued#primaryimage"},"thumbnailUrl":"https:\/\/www.tisenti.com\/de\/wp-content\/uploads\/sites\/2\/2019\/08\/dsf5947.jpg","articleSection":["Alle Artikel","Orte"],"inLanguage":"de","potentialAction":[{"@type":"CommentAction","name":"Comment","target":["https:\/\/www.tisenti.com\/de\/reisetipps\/rundreise-sardinien-von-nord-nach-sued#respond"]}]},{"@type":"WebPage","@id":"https:\/\/www.tisenti.com\/de\/reisetipps\/rundreise-sardinien-von-nord-nach-sued","url":"https:\/\/www.tisenti.com\/de\/reisetipps\/rundreise-sardinien-von-nord-nach-sued","name":"Rundreise mit dem Auto Sardinien vom Norden in den S\u00fcden.","isPartOf":{"@id":"https:\/\/www.tisenti.com\/de\/#website"},"primaryImageOfPage":{"@id":"https:\/\/www.tisenti.com\/de\/reisetipps\/rundreise-sardinien-von-nord-nach-sued#primaryimage"},"image":{"@id":"https:\/\/www.tisenti.com\/de\/reisetipps\/rundreise-sardinien-von-nord-nach-sued#primaryimage"},"thumbnailUrl":"https:\/\/www.tisenti.com\/de\/wp-content\/uploads\/sites\/2\/2019\/08\/dsf5947.jpg","datePublished":"2019-09-18T20:27:37+00:00","dateModified":"2019-11-20T09:53:16+00:00","description":"Eine Rundreise auf Sardinien lohnt sich. Wir sind f\u00fcr Sie schon einmal die H\u00f6lfte der Insel abgefahren - vom Berg Bruncu Spina bis nach Costa Rei.","breadcrumb":{"@id":"https:\/\/www.tisenti.com\/de\/reisetipps\/rundreise-sardinien-von-nord-nach-sued#breadcrumb"},"inLanguage":"de","potentialAction":[{"@type":"ReadAction","target":["https:\/\/www.tisenti.com\/de\/reisetipps\/rundreise-sardinien-von-nord-nach-sued"]}]},{"@type":"ImageObject","inLanguage":"de","@id":"https:\/\/www.tisenti.com\/de\/reisetipps\/rundreise-sardinien-von-nord-nach-sued#primaryimage","url":"https:\/\/www.tisenti.com\/de\/wp-content\/uploads\/sites\/2\/2019\/08\/dsf5947.jpg","contentUrl":"https:\/\/www.tisenti.com\/de\/wp-content\/uploads\/sites\/2\/2019\/08\/dsf5947.jpg","width":1200,"height":800},{"@type":"BreadcrumbList","@id":"https:\/\/www.tisenti.com\/de\/reisetipps\/rundreise-sardinien-von-nord-nach-sued#breadcrumb","itemListElement":[{"@type":"ListItem","position":1,"name":"Startseite","item":"https:\/\/www.tisenti.com\/de\/"},{"@type":"ListItem","position":2,"name":"Von Nord nach S\u00fcd, vom Berg Bruncu Spina bis nach Costa Rei &#8211; der Beginn einer Rundreise auf Sardinien"}]},{"@type":"WebSite","@id":"https:\/\/www.tisenti.com\/de\/#website","url":"https:\/\/www.tisenti.com\/de\/","name":"Sardinien Ferienhaus - Costa Rei, Villasimius, Torre delle Stelle","description":"Ob auf Sardinien Ferienhaus am Strand, luxuri\u00f6se Villa oder komfortable Ferienwohnung. Wir machen Ihren Sardinien-Traumurlaub wahr. Finden Sie jetzt Ihr Wunschobjekt.","publisher":{"@id":"https:\/\/www.tisenti.com\/de\/#organization"},"potentialAction":[{"@type":"SearchAction","target":{"@type":"EntryPoint","urlTemplate":"https:\/\/www.tisenti.com\/de\/?s={search_term_string}"},"query-input":{"@type":"PropertyValueSpecification","valueRequired":true,"valueName":"search_term_string"}}],"inLanguage":"de"},{"@type":"Organization","@id":"https:\/\/www.tisenti.com\/de\/#organization","name":"Sardinien Ferienhaus - Costa Rei, Villasimius, Torre delle Stelle","url":"https:\/\/www.tisenti.com\/de\/","logo":{"@type":"ImageObject","inLanguage":"de","@id":"https:\/\/www.tisenti.com\/de\/#\/schema\/logo\/image\/","url":"https:\/\/www.tisenti.com\/de\/wp-content\/uploads\/sites\/2\/2019\/10\/logo-tisenti.png","contentUrl":"https:\/\/www.tisenti.com\/de\/wp-content\/uploads\/sites\/2\/2019\/10\/logo-tisenti.png","width":192,"height":50,"caption":"Sardinien Ferienhaus - Costa Rei, Villasimius, Torre delle Stelle"},"image":{"@id":"https:\/\/www.tisenti.com\/de\/#\/schema\/logo\/image\/"}},{"@type":"Person","@id":"https:\/\/www.tisenti.com\/de\/#\/schema\/person\/4428ad52bd66427002e2398081e22b6c","name":"twaldschmidt","image":{"@type":"ImageObject","inLanguage":"de","@id":"https:\/\/secure.gravatar.com\/avatar\/d8ee640fb28705ea31fcb9cc8ea42c9d0781fa8723c85e641c07e2a15ae6ca68?s=96&d=mm&r=g","url":"https:\/\/secure.gravatar.com\/avatar\/d8ee640fb28705ea31fcb9cc8ea42c9d0781fa8723c85e641c07e2a15ae6ca68?s=96&d=mm&r=g","contentUrl":"https:\/\/secure.gravatar.com\/avatar\/d8ee640fb28705ea31fcb9cc8ea42c9d0781fa8723c85e641c07e2a15ae6ca68?s=96&d=mm&r=g","caption":"twaldschmidt"},"url":"https:\/\/www.tisenti.com\/de\/author\/twaldschmidt"}]}},"_links":{"self":[{"href":"https:\/\/www.tisenti.com\/de\/wp-json\/wp\/v2\/posts\/3185","targetHints":{"allow":["GET"]}}],"collection":[{"href":"https:\/\/www.tisenti.com\/de\/wp-json\/wp\/v2\/posts"}],"about":[{"href":"https:\/\/www.tisenti.com\/de\/wp-json\/wp\/v2\/types\/post"}],"author":[{"embeddable":true,"href":"https:\/\/www.tisenti.com\/de\/wp-json\/wp\/v2\/users\/4"}],"replies":[{"embeddable":true,"href":"https:\/\/www.tisenti.com\/de\/wp-json\/wp\/v2\/comments?post=3185"}],"version-history":[{"count":20,"href":"https:\/\/www.tisenti.com\/de\/wp-json\/wp\/v2\/posts\/3185\/revisions"}],"predecessor-version":[{"id":4068,"href":"https:\/\/www.tisenti.com\/de\/wp-json\/wp\/v2\/posts\/3185\/revisions\/4068"}],"wp:featuredmedia":[{"embeddable":true,"href":"https:\/\/www.tisenti.com\/de\/wp-json\/wp\/v2\/media\/3083"}],"wp:attachment":[{"href":"https:\/\/www.tisenti.com\/de\/wp-json\/wp\/v2\/media?parent=3185"}],"wp:term":[{"taxonomy":"category","embeddable":true,"href":"https:\/\/www.tisenti.com\/de\/wp-json\/wp\/v2\/categories?post=3185"},{"taxonomy":"post_tag","embeddable":true,"href":"https:\/\/www.tisenti.com\/de\/wp-json\/wp\/v2\/tags?post=3185"}],"curies":[{"name":"wp","href":"https:\/\/api.w.org\/{rel}","templated":true}]}}